{"id":897,"date":"2017-10-03T15:21:25","date_gmt":"2017-10-03T15:21:25","guid":{"rendered":"http:\/\/ninzio.com\/logistix\/?p=897"},"modified":"2019-05-23T09:06:58","modified_gmt":"2019-05-23T09:06:58","slug":"designing-transport-office","status":"publish","type":"post","link":"https:\/\/www.vilasped.com\/en\/2017\/10\/03\/designing-transport-office\/","title":{"rendered":"Tre\u0107a logisti\u010dka konferencija"},"content":{"rendered":"<p><span>Konferencija predstavlja tradicionalni strucni forum na kome se okupljaju strucnjaci, eksperti i menad\u017eeri iz oblasti transporta, logistike, \u0161pedicije, skladi\u0161tenja i distribucije proizvoda.<\/span><\/p>\n<p><img loading=\"lazy\" src=\"http:\/\/www.vilasped.com\/wp-content\/uploads\/2017\/10\/19-300x145.jpg\" alt=\"\" width=\"539\" height=\"260\" class=\" wp-image-5243 aligncenter\" srcset=\"https:\/\/www.vilasped.com\/wp-content\/uploads\/2017\/10\/19-300x145.jpg 300w, https:\/\/www.vilasped.com\/wp-content\/uploads\/2017\/10\/19-768x371.jpg 768w, https:\/\/www.vilasped.com\/wp-content\/uploads\/2017\/10\/19.jpg 870w, https:\/\/www.vilasped.com\/wp-content\/uploads\/2017\/10\/19-600x290.jpg 600w, https:\/\/www.vilasped.com\/wp-content\/uploads\/2017\/10\/19-480x232.jpg 480w, https:\/\/www.vilasped.com\/wp-content\/uploads\/2017\/10\/19-570x275.jpg 570w\" sizes=\"(max-width: 539px) 100vw, 539px\" \/><\/p>\n<p><span> Cilj je da se sagledaju trendovi, problemi, mogucnosti i pravci razvoja transporta i logistike u regionu.<\/span><br \/>\n<span>Konferencija \u0107e se odr\u017eati 16.6.2017. godine na BLC-u, Milo\u0161a Obili\u0107a 30, Banja Luka.<\/span><\/p>\n","protected":false},"excerpt":{"rendered":"<p>Konferencija predstavlja tradicionalni strucni forum na kome se okupljaju strucnjaci, eksperti i menad\u017eeri iz oblasti transporta, logistike, \u0161pedicije, skladi\u0161tenja i distribucije proizvoda. Cilj je da se sagledaju trendovi, problemi, mogucnosti i pravci razvoja transporta i logistike u regionu. Konferencija \u0107e se odr\u017eati 16.6.2017. godine na BLC-u, Milo\u0161a Obili\u0107a 30,&hellip;<\/p>\n","protected":false},"author":1,"featured_media":5243,"comment_status":"closed","ping_status":"closed","sticky":true,"template":"","format":"standard","meta":{"om_disable_all_campaigns":false,"_mi_skip_tracking":false,"ngg_post_thumbnail":0},"categories":[16],"tags":[52],"_links":{"self":[{"href":"https:\/\/www.vilasped.com\/en\/wp-json\/wp\/v2\/posts\/897"}],"collection":[{"href":"https:\/\/www.vilasped.com\/en\/wp-json\/wp\/v2\/posts"}],"about":[{"href":"https:\/\/www.vilasped.com\/en\/wp-json\/wp\/v2\/types\/post"}],"author":[{"embeddable":true,"href":"https:\/\/www.vilasped.com\/en\/wp-json\/wp\/v2\/users\/1"}],"replies":[{"embeddable":true,"href":"https:\/\/www.vilasped.com\/en\/wp-json\/wp\/v2\/comments?post=897"}],"version-history":[{"count":2,"href":"https:\/\/www.vilasped.com\/en\/wp-json\/wp\/v2\/posts\/897\/revisions"}],"predecessor-version":[{"id":5245,"href":"https:\/\/www.vilasped.com\/en\/wp-json\/wp\/v2\/posts\/897\/revisions\/5245"}],"wp:featuredmedia":[{"embeddable":true,"href":"https:\/\/www.vilasped.com\/en\/wp-json\/wp\/v2\/media\/5243"}],"wp:attachment":[{"href":"https:\/\/www.vilasped.com\/en\/wp-json\/wp\/v2\/media?parent=897"}],"wp:term":[{"taxonomy":"category","embeddable":true,"href":"https:\/\/www.vilasped.com\/en\/wp-json\/wp\/v2\/categories?post=897"},{"taxonomy":"post_tag","embeddable":true,"href":"https:\/\/www.vilasped.com\/en\/wp-json\/wp\/v2\/tags?post=897"}],"curies":[{"name":"wp","href":"https:\/\/api.w.org\/{rel}","templated":true}]}}